{"id":157,"__str__":"Requerimento n\u00ba 22 de 2018","link_detail_backend":"/materia/157","metadata":{},"numero":22,"ano":2018,"numero_protocolo":null,"data_apresentacao":"2018-03-05","tipo_apresentacao":"E","data_publicacao":null,"numero_origem_externa":"","ano_origem_externa":null,"data_origem_externa":null,"apelido":"","dias_prazo":null,"data_fim_prazo":null,"em_tramitacao":false,"polemica":true,"objeto":"","complementar":false,"ementa":"Solicita\u00e7\u00e3o ao Senhor Prefeito Municipal regularizar a situa\u00e7\u00e3o da funcion\u00e1ria Maria Jos\u00e9 da Silva Claro, mais conhecida por Maz\u00e9, t\u00e9cnica de enfermagem, contratada para atuar na ESF, a qual foi desviada de sua fun\u00e7\u00e3o para trabalhar na UBS do Centro.","indexacao":"Maria Jos\u00e9 da Silva Claro\r\nMaz\u00e9\r\nt\u00e9cnica de enfermagem\r\nESF\r\nUBS do Centro","observacao":"","resultado":"","texto_original":"http://sapl.pedralva.mg.leg.br/media/sapl/public/materialegislativa/2018/157/req_022-2018.pdf","data_ultima_atualizacao":"2019-04-05T16:35:19.154752-03:00","ip":"","ultima_edicao":null,"tipo":11,"regime_tramitacao":3,"tipo_origem_externa":null,"local_origem_externa":null,"user":null,"anexadas":[],"autores":[8]}