{"id":1630,"__str__":"Requerimento n\u00ba 33 de 2022","link_detail_backend":"/materia/1630","metadata":{},"numero":33,"ano":2022,"numero_protocolo":null,"data_apresentacao":"2022-02-21","tipo_apresentacao":"E","data_publicacao":null,"numero_origem_externa":"","ano_origem_externa":null,"data_origem_externa":"2022-02-21","apelido":"","dias_prazo":null,"data_fim_prazo":null,"em_tramitacao":false,"polemica":false,"objeto":"","complementar":false,"ementa":"Solicita ao Prefeito Municipal que seja, em car\u00e1ter de urg\u00eancia, esclarecido e apurado o seguinte fato: Na \u00faltima Sexta-feira, dia 18/02/2022, aconteceu o \"esquecimento\" de 7 crian\u00e7as, alunas da Apae, sendo tr\u00eas cadeirantes e quatro autistas, que n\u00e3o foram buscadas pelo transporte p\u00fablico escolar, causando desespero da professora, das crian\u00e7as e familiares. Essas crian\u00e7as tiveram que ser transportadas pela diretora, uma a uma, para suas resid\u00eancias.","indexacao":"","observacao":"","resultado":"","texto_original":"http://sapl.pedralva.mg.leg.br/media/sapl/public/materialegislativa/2022/1630/req-33-2022.pdf","data_ultima_atualizacao":"2022-02-24T15:06:25.942614-03:00","ip":"201.148.228.73","ultima_edicao":"2022-02-22T16:05:26.036473-03:00","tipo":11,"regime_tramitacao":3,"tipo_origem_externa":null,"local_origem_externa":4,"user":1,"anexadas":[],"autores":[165]}