{"id":3702,"__str__":"Requerimento n\u00ba 26 de 2025","link_detail_backend":"/materia/3702","metadata":{},"numero":26,"ano":2025,"numero_protocolo":null,"data_apresentacao":"2025-01-10","tipo_apresentacao":"E","data_publicacao":null,"numero_origem_externa":"","ano_origem_externa":null,"data_origem_externa":null,"apelido":"","dias_prazo":null,"data_fim_prazo":null,"em_tramitacao":false,"polemica":false,"objeto":"","complementar":false,"ementa":"Solicitando ao Senhor Prefeito: RETIRADA DOS TACH\u00d5ES da Rua Poeta Jo\u00e3o Carneiro de Rezende ou, subsidiariamente, na eventualidade do n\u00e3o atendimento do pedido, que seja realizada uma reavalia\u00e7\u00e3o da situa\u00e7\u00e3o para que sejam analisadas alternativas vi\u00e1veis para a reorganiza\u00e7\u00e3o do tr\u00eafego, garantindo mais seguran\u00e7a e funcionalidade tanto para motoristas quanto para pedestres.","indexacao":"","observacao":"","resultado":"","texto_original":"http://sapl.pedralva.mg.leg.br/media/sapl/public/materialegislativa/2025/3702/03_-_requerimento_13-01-2025_-_rua_poeta_joao_carneiro_-_taxoes.pdf","data_ultima_atualizacao":"2025-01-15T16:52:37.442161-03:00","ip":"201.148.230.52","ultima_edicao":"2025-01-14T13:36:25.248337-03:00","tipo":11,"regime_tramitacao":3,"tipo_origem_externa":null,"local_origem_externa":null,"user":1,"anexadas":[],"autores":[187]}