{"id":3843,"__str__":"Requerimento n\u00ba 127 de 2025","link_detail_backend":"/materia/3843","metadata":{},"numero":127,"ano":2025,"numero_protocolo":null,"data_apresentacao":"2025-02-10","tipo_apresentacao":"E","data_publicacao":null,"numero_origem_externa":"","ano_origem_externa":null,"data_origem_externa":null,"apelido":"","dias_prazo":null,"data_fim_prazo":null,"em_tramitacao":false,"polemica":false,"objeto":"","complementar":false,"ementa":"solicita ao Senhor Prefeito Municipal: que o setor respons\u00e1vel pela sinaliza\u00e7\u00e3o das vias p\u00fablicas de Pedralva analise a possibilidade de trecho da Rua Dona In\u00e1cia Macedo, cortado pelas Ruas Casemiro Os\u00f3rio e Coronel Machado, ser sinalizado com placa proibindo a subida de ve\u00edculos, haja vista se tratar de uma via \u00edngreme, onde o cal\u00e7amento \u00e9 desigual, tendo ocorrido acidentes com ve\u00edculos que tentaram passar em dias de chuva e acabaram deslizando e batendo.","indexacao":"","observacao":"","resultado":"","texto_original":"http://sapl.pedralva.mg.leg.br/media/sapl/public/materialegislativa/2025/3843/015_-_requerimento_10-02-2025_-_contra_mao_trecho_rua_dona_inacia.pdf","data_ultima_atualizacao":"2025-02-13T17:08:10.021640-03:00","ip":"201.148.230.148","ultima_edicao":"2025-02-11T13:16:37.323349-03:00","tipo":11,"regime_tramitacao":3,"tipo_origem_externa":null,"local_origem_externa":null,"user":1,"anexadas":[],"autores":[186]}