{"id":3865,"__str__":"Requerimento n\u00ba 143 de 2025","link_detail_backend":"/materia/3865","metadata":{},"numero":143,"ano":2025,"numero_protocolo":null,"data_apresentacao":"2025-02-17","tipo_apresentacao":"E","data_publicacao":null,"numero_origem_externa":"","ano_origem_externa":null,"data_origem_externa":null,"apelido":"","dias_prazo":null,"data_fim_prazo":null,"em_tramitacao":false,"polemica":false,"objeto":"","complementar":false,"ementa":"solicita ao Prefeito Municipal:\r\n\u2022\tQue informe em qual data ser\u00e1 iniciada as aulas em nossa nova creche - Centro Municipal de Educa\u00e7\u00e3o Infantil (CEMEI) Prefeito Jos\u00e9 Fernandes Sobrinho.\r\n\u2022\tQue informe qual ser\u00e1 a idade das crian\u00e7as a serem atendidas pela creche, caso n\u00e3o sejam atendidas todas crian\u00e7as menores de 4 anos inicialmente, qual seria a previs\u00e3o para o atendimento destas crian\u00e7as pelo servi\u00e7o da creche.\r\n\u2022\tQue informe tamb\u00e9m ser ser\u00e1 fornecido transporte escolar para todos os alunos da creche. Em caso de resposta negativa, que apresente os motivos pelo n\u00e3o fornecimento de transporte aos nossos pequenos.","indexacao":"","observacao":"","resultado":"","texto_original":"http://sapl.pedralva.mg.leg.br/media/sapl/public/materialegislativa/2025/3865/08_-_requerimento_creche_17-02-2025.pdf","data_ultima_atualizacao":"2025-02-24T15:06:46.476255-03:00","ip":"201.148.230.40","ultima_edicao":"2025-02-18T17:57:57.539938-03:00","tipo":11,"regime_tramitacao":3,"tipo_origem_externa":null,"local_origem_externa":null,"user":1,"anexadas":[],"autores":[164]}