{"id":3896,"__str__":"Parecer da Comiss\u00e3o Permanente de LJR n\u00ba 12 de 2025","link_detail_backend":"/materia/3896","metadata":{},"numero":12,"ano":2025,"numero_protocolo":null,"data_apresentacao":"2025-03-06","tipo_apresentacao":"E","data_publicacao":null,"numero_origem_externa":"","ano_origem_externa":null,"data_origem_externa":null,"apelido":"","dias_prazo":null,"data_fim_prazo":null,"em_tramitacao":false,"polemica":false,"objeto":"","complementar":false,"ementa":"Parecer emitido pela Comiss\u00e3o de Legisla\u00e7\u00e3o, Justi\u00e7a e Reda\u00e7\u00e3o ao Projeto de Lei Complementar n\u00ba 02/2025.","indexacao":"","observacao":"","resultado":"","texto_original":"http://sapl.pedralva.mg.leg.br/media/sapl/public/materialegislativa/2025/3896/012_-_parecer_-_cljr_-_plc_02-2025_-_cargo_de_tecnico_da_educacao.pdf","data_ultima_atualizacao":"2025-03-13T15:29:43.296365-03:00","ip":"201.148.230.125","ultima_edicao":"2025-03-06T15:33:40.153252-03:00","tipo":38,"regime_tramitacao":3,"tipo_origem_externa":null,"local_origem_externa":null,"user":1,"anexadas":[],"autores":[11]}