{"id":3903,"__str__":"Requerimento n\u00ba 165 de 2025","link_detail_backend":"/materia/3903","metadata":{},"numero":165,"ano":2025,"numero_protocolo":null,"data_apresentacao":"2025-03-06","tipo_apresentacao":"E","data_publicacao":null,"numero_origem_externa":"","ano_origem_externa":null,"data_origem_externa":null,"apelido":"","dias_prazo":null,"data_fim_prazo":null,"em_tramitacao":false,"polemica":false,"objeto":"","complementar":false,"ementa":"solicita ao senhor Prefeito Municipal: que, atrav\u00e9s do setor de sa\u00fade, seja contratado um pediatra para atender as crian\u00e7as de Pedralva, na parte da tarde, ao menos duas horas por dia, de segunda a sexta-feira.","indexacao":"","observacao":"","resultado":"","texto_original":"http://sapl.pedralva.mg.leg.br/media/sapl/public/materialegislativa/2025/3903/014_-_requerimento_06-03-2025_-_pediatra.pdf","data_ultima_atualizacao":"2025-03-07T16:22:27.193405-03:00","ip":"201.148.230.125","ultima_edicao":"2025-03-07T13:52:23.139939-03:00","tipo":11,"regime_tramitacao":3,"tipo_origem_externa":null,"local_origem_externa":null,"user":1,"anexadas":[],"autores":[188]}