{"id":42,"__str__":"Projeto de Lei Complementar n\u00ba 2 de 2018","link_detail_backend":"/materia/42","metadata":{},"numero":2,"ano":2018,"numero_protocolo":null,"data_apresentacao":"2018-06-04","tipo_apresentacao":"E","data_publicacao":null,"numero_origem_externa":"2","ano_origem_externa":2018,"data_origem_externa":"2018-06-04","apelido":"","dias_prazo":null,"data_fim_prazo":null,"em_tramitacao":false,"polemica":false,"objeto":"","complementar":true,"ementa":"Institui fun\u00e7\u00e3o p\u00fablica gratificada e d\u00e1 outras provid\u00eancias.","indexacao":"Cria\u00e7\u00e3o de fun\u00e7\u00e3o gratificada\r\ninstitui fun\u00e7\u00e3o gratificada\r\ncargo efetivo\r\nconv\u00eanio\r\ndelegacia de pol\u00edcia civil\r\nchefe do setor de vistoria\r\nchefe do setor de identifica\u00e7\u00e3o e datiloscopia\r\nchefe do setor de cart\u00f3rio","observacao":"","resultado":"","texto_original":"http://sapl.pedralva.mg.leg.br/media/sapl/public/materialegislativa/2018/42/plc_02-2018.pdf","data_ultima_atualizacao":"2019-01-31T14:10:50.291363-02:00","ip":"","ultima_edicao":null,"tipo":1,"regime_tramitacao":3,"tipo_origem_externa":1,"local_origem_externa":1,"user":null,"anexadas":[],"autores":[20]}