{"id":44,"__str__":"Projeto de Lei Ordin\u00e1ria n\u00ba 23 de 2018","link_detail_backend":"/materia/44","metadata":{},"numero":23,"ano":2018,"numero_protocolo":null,"data_apresentacao":"2018-06-11","tipo_apresentacao":"E","data_publicacao":null,"numero_origem_externa":"23","ano_origem_externa":2018,"data_origem_externa":"2018-06-05","apelido":"","dias_prazo":null,"data_fim_prazo":null,"em_tramitacao":false,"polemica":false,"objeto":"","complementar":false,"ementa":"Institui e inclui no calend\u00e1rio de eventos e festas do munic\u00edpio de Pedralva o \"Dia Municipal dos Agentes Comunit\u00e1rios de Sa\u00fade e dos Agentes de Combate \u00e0s Endemias\" e d\u00e1 outras provid\u00eancias.","indexacao":"Calend\u00e1rio de eventos\r\nCalend\u00e1rio de festas\r\ncalend\u00e1rio municipal\r\ndia municipal\r\nAgentes Comunit\u00e1rios de Sa\u00fade\r\nAgentes de Combate \u00e0s Endemias","observacao":"","resultado":"","texto_original":"http://sapl.pedralva.mg.leg.br/media/sapl/public/materialegislativa/2018/44/pl_023-2018.pdf","data_ultima_atualizacao":"2020-02-06T16:27:23.559266-03:00","ip":"","ultima_edicao":null,"tipo":13,"regime_tramitacao":3,"tipo_origem_externa":13,"local_origem_externa":4,"user":null,"anexadas":[],"autores":[8]}