{"id":81,"__str__":"Projeto de Resolu\u00e7\u00e3o n\u00ba 2 de 2018","link_detail_backend":"/materia/81","metadata":{},"numero":2,"ano":2018,"numero_protocolo":null,"data_apresentacao":"2018-09-24","tipo_apresentacao":"","data_publicacao":null,"numero_origem_externa":"","ano_origem_externa":2018,"data_origem_externa":"2018-09-24","apelido":"","dias_prazo":null,"data_fim_prazo":null,"em_tramitacao":false,"polemica":false,"objeto":"","complementar":false,"ementa":"Altera o dispositivo da Resolu\u00e7\u00e3o n\u00ba 270 de 14 de mar\u00e7o de 2018, que criou no \u00e2mbito da C\u00e2mara Municipal o Programa C\u00e2mara na Escola, e d\u00e1 outras provid\u00eancias.","indexacao":"Programa C\u00e2mara na Escola\r\nC\u00e2mara Municipal","observacao":"","resultado":"","texto_original":"http://sapl.pedralva.mg.leg.br/media/sapl/public/materialegislativa/2018/81/pr_02-2018.pdf","data_ultima_atualizacao":"2019-02-08T15:56:29.416337-02:00","ip":"","ultima_edicao":null,"tipo":2,"regime_tramitacao":3,"tipo_origem_externa":2,"local_origem_externa":4,"user":null,"anexadas":[],"autores":[4,3,9]}