{"id":2371,"__str__":"Requerimento (C\u00e2mara Jovem) n\u00ba 11 de 2019 | Proposi\u00e7\u00e3o inclusa na Ordem do Dia | 27/08/2019","link_detail_backend":"/materia/tramitacao/2371","metadata":{},"timestamp":"2019-09-02T17:15:32.500917-03:00","data_tramitacao":"2019-08-27","data_encaminhamento":"2019-08-27","urgente":false,"turno":"L","texto":"Proposi\u00e7\u00e3o inclusa na pauta para leitura, discuss\u00e3o e vota\u00e7\u00e3o.\r\n","data_fim_prazo":null,"ip":"201.148.228.21","ultima_edicao":null,"status":18,"materia":509,"unidade_tramitacao_local":20,"unidade_tramitacao_destino":2,"user":1}